{"id":17174,"date":"2019-11-30T17:05:55","date_gmt":"2019-11-30T14:05:55","guid":{"rendered":"https:\/\/kaheel7.net\/?p=17174"},"modified":"2019-11-30T17:05:55","modified_gmt":"2019-11-30T14:05:55","slug":"duree-ideale-de-lallaitement-maternel","status":"publish","type":"post","link":"https:\/\/kaheel7.net\/?p=17174&lang=fr","title":{"rendered":"Dur\u00e9e id\u00e9ale de l\u2019allaitement maternel"},"content":{"rendered":"<p>\u00ab et les m\u00e8res, qui veulent donner un allaitement complet, allaiteront leurs b\u00e9b\u00e9s deux ans complets \u00bb,\u2026.<!--more--><\/p>\n<p>Quelle est la dur\u00e9e id\u00e9ale de l\u2019allaitement d\u2019un b\u00e9b\u00e9 pour mieux grandir et se d\u00e9velopper physiquement et mentalement ? Cette dur\u00e9e est-elle donc conforme \u00e0 ce qui a \u00e9t\u00e9 r\u00e9v\u00e9l\u00e9 dans le Saint Coran ?<\/p>\n<p>Mme Marguerite CHAN, la directrice de l\u2019OMS a d\u00e9clar\u00e9, \u00e0 l\u2019occasion de la semaine mondiale de l\u2019allaitement maternel, que \u00ab le meilleur moyen de pr\u00e9venir la malnutrition et la mortalit\u00e9 chez les nourrissons et les jeunes enfants est de faire en sorte qu\u2019ils soient mis au sein dans l\u2019heure qui suit la naissance \u00bb.<\/p>\n<p>&nbsp;<\/p>\n<p><img loading=\"lazy\" class=\"aligncenter size-full wp-image-17176\" src=\"https:\/\/kaheel7.net\/wp-content\/uploads\/2019\/11\/Infant-feeding.jpg\" alt=\"\" width=\"800\" height=\"800\" srcset=\"https:\/\/kaheel7.net\/wp-content\/uploads\/2019\/11\/Infant-feeding.jpg 800w, https:\/\/kaheel7.net\/wp-content\/uploads\/2019\/11\/Infant-feeding-300x300.jpg 300w, https:\/\/kaheel7.net\/wp-content\/uploads\/2019\/11\/Infant-feeding-150x150.jpg 150w, https:\/\/kaheel7.net\/wp-content\/uploads\/2019\/11\/Infant-feeding-768x768.jpg 768w\" sizes=\"(max-width: 800px) 100vw, 800px\" \/><\/p>\n<p>&nbsp;<\/p>\n<p>Mme CHAN a insist\u00e9 pendant cette semaine mondiale tenue du 1er au 7 ao\u00fbt 2009, sur le fait que les b\u00e9b\u00e9s doivent \u00eatre \u00ab nourris exclusivement au sein sans autre aliment liquide, pas m\u00eame de l\u2019eau, jusqu\u2019\u00e0 l\u2019\u00e2ge de six mois et continuent \u00e0 \u00eatre nourris au sein avec d\u2019autres aliments de compl\u00e9ment appropri\u00e9s jusqu\u2019\u00e0 l\u2019\u00e2ge de deux ans au moins \u00bb.<\/p>\n<p>Des \u00e9tudes avancent que ces deux premi\u00e8res ann\u00e9es de l\u2019allaitement sont tr\u00e8s importantes pour le d\u00e9veloppement du syst\u00e8me immunitaire et des facult\u00e9s mentales de l\u2019enfant ; l\u2019allaitement maternel de deux ans aura sans doute beaucoup d\u2019autres bienfaits.<\/p>\n<p>Ainsi, l\u2019appel divin devance-t-il l\u2019OMS et les m\u00e9decins puisque le Bon Dieu recommande : \u00ab et les m\u00e8res, qui veulent donner un allaitement complet, allaiteront leurs b\u00e9b\u00e9s deux ans complets \u00bb, la vache, v.233. M\u00e9ditez donc comment le Bon Dieu n\u2019a pas dit \u00ab deux ans \u00bb seulement, mais \u00ab deux ans complets \u00bb pour insister sur l\u2019importance de ces deux ans.<\/p>\n<p>Nous disons : c\u2019est un nouveau message pour tous ceux qui mettent en doute la parole du proph\u00e8te, Salut et Paix sur lui. Et dites donc, comment il aurait su, lui qui a v\u00e9cu au VIIe si\u00e8cle, si ce n\u2019\u00e9tait pas par l\u2019inspiration divine, qui la dur\u00e9e id\u00e9ale de l\u2019allaitement est de deux ans telle qu\u2019elle a \u00e9t\u00e9 d\u00e9sign\u00e9e par l\u2019OMS au XXIe si\u00e8cle ?!<\/p>\n<p>&#8212;&#8212;&#8212;&#8212;&#8212;&#8212;&#8211;<\/p>\n<p>Par: Abduldaem Al-Kaheel<\/p>\n<p><a href=\"http:\/\/www.kaheel7.com\/fr\">www.kaheel7.com\/fr<\/a><\/p>\n<p>&nbsp;<\/p>\n<p><strong>R\u00e9f\u00e9rences:<\/strong><\/p>\n<ol>\n<li>http:\/\/www.who.int\/features\/qa\/21\/en\/index.html<\/li>\n<li>http:\/\/aljazeera.net\/NR\/exeres\/CE6B2185-EA9E-44D7-B971-424FA8583E2C.htm<\/li>\n<\/ol>\n<p>&nbsp;<\/p>\n<p>&nbsp;<\/p>\n<p><span style=\"font-weight: 400\">\u00a0<\/span><\/p>\n","protected":false},"excerpt":{"rendered":"<p>\u00ab et les m\u00e8res, qui veulent donner un allaitement complet, allaiteront leurs b\u00e9b\u00e9s deux ans complets \u00bb,\u2026.<\/p>\n","protected":false},"author":1,"featured_media":17175,"comment_status":"open","ping_status":"open","sticky":false,"template":"","format":"standard","meta":[],"categories":[129],"tags":[],"acf":[],"_links":{"self":[{"href":"https:\/\/kaheel7.net\/index.php?rest_route=\/wp\/v2\/posts\/17174"}],"collection":[{"href":"https:\/\/kaheel7.net\/index.php?rest_route=\/wp\/v2\/posts"}],"about":[{"href":"https:\/\/kaheel7.net\/index.php?rest_route=\/wp\/v2\/types\/post"}],"author":[{"embeddable":true,"href":"https:\/\/kaheel7.net\/index.php?rest_route=\/wp\/v2\/users\/1"}],"replies":[{"embeddable":true,"href":"https:\/\/kaheel7.net\/index.php?rest_route=%2Fwp%2Fv2%2Fcomments&post=17174"}],"version-history":[{"count":1,"href":"https:\/\/kaheel7.net\/index.php?rest_route=\/wp\/v2\/posts\/17174\/revisions"}],"predecessor-version":[{"id":17177,"href":"https:\/\/kaheel7.net\/index.php?rest_route=\/wp\/v2\/posts\/17174\/revisions\/17177"}],"wp:featuredmedia":[{"embeddable":true,"href":"https:\/\/kaheel7.net\/index.php?rest_route=\/wp\/v2\/media\/17175"}],"wp:attachment":[{"href":"https:\/\/kaheel7.net\/index.php?rest_route=%2Fwp%2Fv2%2Fmedia&parent=17174"}],"wp:term":[{"taxonomy":"category","embeddable":true,"href":"https:\/\/kaheel7.net\/index.php?rest_route=%2Fwp%2Fv2%2Fcategories&post=17174"},{"taxonomy":"post_tag","embeddable":true,"href":"https:\/\/kaheel7.net\/index.php?rest_route=%2Fwp%2Fv2%2Ftags&post=17174"}],"curies":[{"name":"wp","href":"https:\/\/api.w.org\/{rel}","templated":true}]}}