{"id":17298,"date":"2019-11-30T19:20:41","date_gmt":"2019-11-30T16:20:41","guid":{"rendered":"https:\/\/kaheel7.net\/?p=17298"},"modified":"2019-11-30T19:20:41","modified_gmt":"2019-11-30T16:20:41","slug":"la-priere-soigne-les-problemes-de-la-colonne-vertebrale","status":"publish","type":"post","link":"https:\/\/kaheel7.net\/?p=17298&lang=fr","title":{"rendered":"La pri\u00e8re soigne les probl\u00e8mes de la colonne vert\u00e9brale"},"content":{"rendered":"<table style=\"font-weight: 400\">\n<tbody>\n<tr>\n<td>En raison de la grande utilisation de la voiture et le manque de la marche et du mouvement et l\u2019abus de manger et de s\u2019asseoir \u2026.<\/td>\n<\/tr>\n<\/tbody>\n<\/table>\n<p><!--more--><\/p>\n<p>&nbsp;<\/p>\n<p><img loading=\"lazy\" class=\"aligncenter size-full wp-image-17299\" src=\"https:\/\/kaheel7.net\/wp-content\/uploads\/2019\/11\/153-1.jpg\" alt=\"\" width=\"236\" height=\"313\" srcset=\"https:\/\/kaheel7.net\/wp-content\/uploads\/2019\/11\/153-1.jpg 236w, https:\/\/kaheel7.net\/wp-content\/uploads\/2019\/11\/153-1-226x300.jpg 226w\" sizes=\"(max-width: 236px) 100vw, 236px\" \/><\/p>\n<p>&nbsp;<\/p>\n<p>En raison de la grande utilisation de la voiture et le manque de la marche et du mouvement et l\u2019abus de manger et de s\u2019asseoir devant l\u2019ordinateur, les probl\u00e8mes de la colonne vert\u00e9brale tr\u00e8s r\u00e9pandus. Ils causent des maux au dessous du dos et des douleurs au niveau du cou, des mains et des pieds. Mais, c\u2019est quoi le nouveau traitement ? Une \u00e9tude am\u00e9ricaine r\u00e9cente a trouv\u00e9 que les exercices du Yoga r\u00e9duisent les douleurs en bas du dos, pas seulement le dos, mais ils impliquent aussi les muscles du ventre, et ils r\u00e9duisent la pression sur la colonne vert\u00e9brale, et si on regarde les mouvements de la pri\u00e8re, on va trouver qu\u2019ils sont tr\u00e8s efficaces pour soigner les probl\u00e8mes de la colonne vert\u00e9brale, et c\u2019est pour \u00e7a, les docteurs conseillent de ne pas n\u00e9gliger la pri\u00e8re, Dieu Tout-Puissant dit : [qui sont assidus \u00e0 leurs \u1e62al\u0101ts,] Coran (70 :23).<\/p>\n<p>&#8212;&#8212;&#8212;&#8212;&#8212;&#8212;&#8211;<\/p>\n<p>Ecrit par: Abduldaem Al-Kaheel<\/p>\n<p><a href=\"http:\/\/www.kaheel7.com\/fr\">www.kaheel7.com\/fr<\/a><\/p>\n<p><span style=\"font-weight: 400\">\u00a0<\/span><\/p>\n","protected":false},"excerpt":{"rendered":"<p>En raison de la grande utilisation de la voiture et le manque de la marche et du mouvement et l\u2019abus de manger et de s\u2019asseoir \u2026.<\/p>\n","protected":false},"author":1,"featured_media":17300,"comment_status":"open","ping_status":"open","sticky":false,"template":"","format":"standard","meta":[],"categories":[129],"tags":[],"acf":[],"_links":{"self":[{"href":"https:\/\/kaheel7.net\/index.php?rest_route=\/wp\/v2\/posts\/17298"}],"collection":[{"href":"https:\/\/kaheel7.net\/index.php?rest_route=\/wp\/v2\/posts"}],"about":[{"href":"https:\/\/kaheel7.net\/index.php?rest_route=\/wp\/v2\/types\/post"}],"author":[{"embeddable":true,"href":"https:\/\/kaheel7.net\/index.php?rest_route=\/wp\/v2\/users\/1"}],"replies":[{"embeddable":true,"href":"https:\/\/kaheel7.net\/index.php?rest_route=%2Fwp%2Fv2%2Fcomments&post=17298"}],"version-history":[{"count":1,"href":"https:\/\/kaheel7.net\/index.php?rest_route=\/wp\/v2\/posts\/17298\/revisions"}],"predecessor-version":[{"id":17301,"href":"https:\/\/kaheel7.net\/index.php?rest_route=\/wp\/v2\/posts\/17298\/revisions\/17301"}],"wp:featuredmedia":[{"embeddable":true,"href":"https:\/\/kaheel7.net\/index.php?rest_route=\/wp\/v2\/media\/17300"}],"wp:attachment":[{"href":"https:\/\/kaheel7.net\/index.php?rest_route=%2Fwp%2Fv2%2Fmedia&parent=17298"}],"wp:term":[{"taxonomy":"category","embeddable":true,"href":"https:\/\/kaheel7.net\/index.php?rest_route=%2Fwp%2Fv2%2Fcategories&post=17298"},{"taxonomy":"post_tag","embeddable":true,"href":"https:\/\/kaheel7.net\/index.php?rest_route=%2Fwp%2Fv2%2Ftags&post=17298"}],"curies":[{"name":"wp","href":"https:\/\/api.w.org\/{rel}","templated":true}]}}