{"id":17518,"date":"2019-12-01T00:48:50","date_gmt":"2019-11-30T21:48:50","guid":{"rendered":"https:\/\/kaheel7.net\/?p=17518"},"modified":"2019-12-01T00:48:50","modified_gmt":"2019-11-30T21:48:50","slug":"la-couche-de-la-lumiere-du-jour","status":"publish","type":"post","link":"https:\/\/kaheel7.net\/?p=17518&lang=fr","title":{"rendered":"La couche de la lumi\u00e8re du jour"},"content":{"rendered":"<p>Les photos de la terre prises \u00e0 partir de l\u2019espace montrent que le jour est une couche tr\u00e8s \u2026..<\/p>\n<p><!--more--><\/p>\n<p>&nbsp;<\/p>\n<p><img loading=\"lazy\" class=\"aligncenter size-full wp-image-17520\" src=\"https:\/\/kaheel7.net\/wp-content\/uploads\/2019\/12\/\u062a\u0646\u0632\u064a\u0644-9.jpg\" alt=\"\" width=\"602\" height=\"598\" srcset=\"https:\/\/kaheel7.net\/wp-content\/uploads\/2019\/12\/\u062a\u0646\u0632\u064a\u0644-9.jpg 602w, https:\/\/kaheel7.net\/wp-content\/uploads\/2019\/12\/\u062a\u0646\u0632\u064a\u0644-9-300x298.jpg 300w, https:\/\/kaheel7.net\/wp-content\/uploads\/2019\/12\/\u062a\u0646\u0632\u064a\u0644-9-150x150.jpg 150w\" sizes=\"(max-width: 602px) 100vw, 602px\" \/><\/p>\n<p>&nbsp;<\/p>\n<p>Les photos de la terre prises \u00e0 partir de l\u2019espace montrent que le jour est une couche tr\u00e8s fine dont l\u2019\u00e9paisseur ne d\u00e9passe pas 1\/100i\u00e8me du rayon de la terre ! Cette couche se retire en permanence comme on retirerait la peau et \u00e0 sa place se met l\u2019obscurit\u00e9 dans un syst\u00e8me ordonn\u00e9 de fa\u00e7on tr\u00e8s pr\u00e9cise. C\u2019est exactement de cela que nous a parl\u00e9 le coran dans le verset dans lequel le tr\u00e8s Haut dit :\u00a0\u00ab Et une preuve pour eux est la nuit. Nous en \u00e9corchons le jour et ils sont alors dans les t\u00e9n\u00e8bres. \u00bb\u00a0(Ya-Sin \u2013 37). L\u2019Homme n\u2019a pu voir cette couche avec autant de clart\u00e9 qu\u2019au 20i\u00e8me si\u00e8cle, mais le coran nous en a parl\u00e9 depuis 14 si\u00e8cles. Ce verset ne t\u00e9moigne \u2013 t \u2013 il pas de la v\u00e9racit\u00e9 du coran ?<\/p>\n<p>&nbsp;<\/p>\n<p>&#8212;&#8212;&#8212;&#8212;&#8212;&#8212;&#8212;&#8212;&#8212;&#8212;<\/p>\n<p>Ecrit par: Abduldaem Al-Kaheel<\/p>\n<p><a href=\"http:\/\/kaheel7.com\/fr\">www.kaheel7.com\/fr<\/a><\/p>\n<p><span style=\"font-weight: 400\">\u00a0<\/span><\/p>\n","protected":false},"excerpt":{"rendered":"<p>Les photos de la terre prises \u00e0 partir de l\u2019espace montrent que le jour est une couche tr\u00e8s \u2026..<\/p>\n","protected":false},"author":1,"featured_media":17521,"comment_status":"open","ping_status":"open","sticky":false,"template":"","format":"standard","meta":[],"categories":[131],"tags":[],"acf":[],"_links":{"self":[{"href":"https:\/\/kaheel7.net\/index.php?rest_route=\/wp\/v2\/posts\/17518"}],"collection":[{"href":"https:\/\/kaheel7.net\/index.php?rest_route=\/wp\/v2\/posts"}],"about":[{"href":"https:\/\/kaheel7.net\/index.php?rest_route=\/wp\/v2\/types\/post"}],"author":[{"embeddable":true,"href":"https:\/\/kaheel7.net\/index.php?rest_route=\/wp\/v2\/users\/1"}],"replies":[{"embeddable":true,"href":"https:\/\/kaheel7.net\/index.php?rest_route=%2Fwp%2Fv2%2Fcomments&post=17518"}],"version-history":[{"count":1,"href":"https:\/\/kaheel7.net\/index.php?rest_route=\/wp\/v2\/posts\/17518\/revisions"}],"predecessor-version":[{"id":17522,"href":"https:\/\/kaheel7.net\/index.php?rest_route=\/wp\/v2\/posts\/17518\/revisions\/17522"}],"wp:featuredmedia":[{"embeddable":true,"href":"https:\/\/kaheel7.net\/index.php?rest_route=\/wp\/v2\/media\/17521"}],"wp:attachment":[{"href":"https:\/\/kaheel7.net\/index.php?rest_route=%2Fwp%2Fv2%2Fmedia&parent=17518"}],"wp:term":[{"taxonomy":"category","embeddable":true,"href":"https:\/\/kaheel7.net\/index.php?rest_route=%2Fwp%2Fv2%2Fcategories&post=17518"},{"taxonomy":"post_tag","embeddable":true,"href":"https:\/\/kaheel7.net\/index.php?rest_route=%2Fwp%2Fv2%2Ftags&post=17518"}],"curies":[{"name":"wp","href":"https:\/\/api.w.org\/{rel}","templated":true}]}}