{"id":20594,"date":"2020-03-26T22:27:25","date_gmt":"2020-03-26T19:27:25","guid":{"rendered":"https:\/\/kaheel7.net\/?p=20594"},"modified":"2020-03-26T22:27:25","modified_gmt":"2020-03-26T19:27:25","slug":"nurlu-ay","status":"publish","type":"post","link":"https:\/\/kaheel7.net\/?p=20594&lang=tr","title":{"rendered":"Nurlu Ay"},"content":{"rendered":"<p>Bilim adamlar\u0131; g\u00fcne\u015f sistemindeki aylar aras\u0131nda en \u00e7ok parlakl\u0131\u011fa sahip olan gezegenin\u00a0\u00a0\u2026.<!--more--><\/p>\n<p>&nbsp;<\/p>\n<p><img loading=\"lazy\" class=\"aligncenter size-full wp-image-20595\" src=\"https:\/\/kaheel7.net\/wp-content\/uploads\/2020\/03\/613.jpg\" alt=\"\" width=\"500\" height=\"364\" srcset=\"https:\/\/kaheel7.net\/wp-content\/uploads\/2020\/03\/613.jpg 500w, https:\/\/kaheel7.net\/wp-content\/uploads\/2020\/03\/613-300x218.jpg 300w\" sizes=\"(max-width: 500px) 100vw, 500px\" \/><\/p>\n<p>&nbsp;<\/p>\n<p style=\"font-weight: 400\">Bilim adamlar\u0131; g\u00fcne\u015f sistemindeki aylar aras\u0131nda en \u00e7ok parlakl\u0131\u011fa sahip olan gezegenin g\u00f6ky\u00fcz\u00fcndeki ay\u0131m\u0131z\u0131n oldu\u011funu vurgulam\u0131\u015flard\u0131r. Bunun sebebi ise; onun b\u00fcy\u00fck olan hacmi, yery\u00fcz\u00fcne olan yak\u0131nl\u0131\u011f\u0131, topra\u011f\u0131nda cam madesinin bulunmas\u0131 ve g\u00fcne\u015fe olan yak\u0131nl\u0131\u011f\u0131d\u0131r. J\u00fcpiter (m\u00fc\u015fteri) gezegenin tam tersine. J\u00fcpiter gezegeni, g\u00fcne\u015f sisteminin uza\u011f\u0131nda yer al\u0131p ayd\u0131nl\u0131k \u00f6zelli\u011fine sahip de\u011fildir. Burada Kur\u2019an\u2019\u0131n ay hakk\u0131nda ni\u00e7in (m\u00fcniran) s\u0131fat\u0131n\u0131 kulland\u0131\u011f\u0131n\u0131 idrak etmi\u015f bulunuyoruz.\u00a0\u00a0Y\u00fcce Allah \u015f\u00f6yle buyuruyor: \u201cG\u00f6kte bur\u00e7lar\u0131 var eden, onlar\u0131n i\u00e7inde bir \u00e7era\u011f (g\u00fcne\u015f) ve nurlu bir ay bar\u0131nd\u0131ran Allah, y\u00fcceler y\u00fccesidir.\u201d (Furkan: 61) Bu vasfa (nurlu) sahip olan tek gezegen ayd\u0131r. \u0130\u015fte bu bir Kur\u2019an mucizesidir. O halde bunu b\u00fcy\u00fck peygamber (s.a.v.)\u2019e kim bildirdi?<\/p>\n<p style=\"font-weight: 400\">&#8212;&#8212;&#8212;&#8212;&#8212;&#8212;&#8211;<\/p>\n<p style=\"font-weight: 400\">Abduldaem Al-Kaheel<\/p>\n","protected":false},"excerpt":{"rendered":"<p>Bilim adamlar\u0131; g\u00fcne\u015f sistemindeki aylar aras\u0131nda en \u00e7ok parlakl\u0131\u011fa sahip olan gezegenin\u00a0\u00a0\u2026.<\/p>\n","protected":false},"author":1,"featured_media":20596,"comment_status":"open","ping_status":"open","sticky":false,"template":"","format":"standard","meta":[],"categories":[183],"tags":[],"acf":[],"_links":{"self":[{"href":"https:\/\/kaheel7.net\/index.php?rest_route=\/wp\/v2\/posts\/20594"}],"collection":[{"href":"https:\/\/kaheel7.net\/index.php?rest_route=\/wp\/v2\/posts"}],"about":[{"href":"https:\/\/kaheel7.net\/index.php?rest_route=\/wp\/v2\/types\/post"}],"author":[{"embeddable":true,"href":"https:\/\/kaheel7.net\/index.php?rest_route=\/wp\/v2\/users\/1"}],"replies":[{"embeddable":true,"href":"https:\/\/kaheel7.net\/index.php?rest_route=%2Fwp%2Fv2%2Fcomments&post=20594"}],"version-history":[{"count":1,"href":"https:\/\/kaheel7.net\/index.php?rest_route=\/wp\/v2\/posts\/20594\/revisions"}],"predecessor-version":[{"id":20597,"href":"https:\/\/kaheel7.net\/index.php?rest_route=\/wp\/v2\/posts\/20594\/revisions\/20597"}],"wp:featuredmedia":[{"embeddable":true,"href":"https:\/\/kaheel7.net\/index.php?rest_route=\/wp\/v2\/media\/20596"}],"wp:attachment":[{"href":"https:\/\/kaheel7.net\/index.php?rest_route=%2Fwp%2Fv2%2Fmedia&parent=20594"}],"wp:term":[{"taxonomy":"category","embeddable":true,"href":"https:\/\/kaheel7.net\/index.php?rest_route=%2Fwp%2Fv2%2Fcategories&post=20594"},{"taxonomy":"post_tag","embeddable":true,"href":"https:\/\/kaheel7.net\/index.php?rest_route=%2Fwp%2Fv2%2Ftags&post=20594"}],"curies":[{"name":"wp","href":"https:\/\/api.w.org\/{rel}","templated":true}]}}