{"id":20866,"date":"2020-03-28T00:11:07","date_gmt":"2020-03-27T21:11:07","guid":{"rendered":"https:\/\/kaheel7.net\/?p=20866"},"modified":"2020-03-28T00:11:07","modified_gmt":"2020-03-27T21:11:07","slug":"kirk-yasi","status":"publish","type":"post","link":"https:\/\/kaheel7.net\/?p=20866&lang=tr","title":{"rendered":"K\u0131rk Ya\u015f\u0131"},"content":{"rendered":"<p>\u0130ngiltere\u2019de yak\u0131n zamanda yap\u0131lan bir ara\u015ft\u0131rmada \u2026.<!--more--><\/p>\n<p>&nbsp;<\/p>\n<p><img loading=\"lazy\" class=\"aligncenter size-full wp-image-20867\" src=\"https:\/\/kaheel7.net\/wp-content\/uploads\/2020\/03\/7771.jpg\" alt=\"\" width=\"503\" height=\"516\" srcset=\"https:\/\/kaheel7.net\/wp-content\/uploads\/2020\/03\/7771.jpg 503w, https:\/\/kaheel7.net\/wp-content\/uploads\/2020\/03\/7771-292x300.jpg 292w\" sizes=\"(max-width: 503px) 100vw, 503px\" \/><\/p>\n<p>&nbsp;<\/p>\n<p style=\"font-weight: 400\">\u0130ngiltere\u2019de yak\u0131n zamanda yap\u0131lan bir ara\u015ft\u0131rmada, insan beyninin yakla\u015f\u0131k olarak k\u0131rk ya\u015f\u0131na kadar s\u00fcrekli bir \u015fekilde geli\u015fme g\u00f6sterdi\u011fini, k\u0131rk ya\u015f\u0131ndan sonra ise duraklad\u0131\u011f\u0131n\u0131 ortaya koymu\u015ftur. Yap\u0131lan di\u011fer bir ara\u015ft\u0131rmada ise, akli yetenek ve g\u00fcc\u00fcn de ayn\u0131 \u015fekilde k\u0131rk ya\u015f\u0131ndan sonra geriledi\u011fini teyit etmi\u015ftir. \u0130lgin\u00e7 olan \u015fu ki, Kuran-\u0131 Kerim insano\u011flunun k\u0131rk ya\u015f\u0131nda ger\u00e7ek g\u00fc\u00e7, olgunluk ve kemaline erdi\u011fine, k\u0131rk ya\u015f\u0131ndan sonra da bunun geriye d\u00f6n\u00fc\u015f yapt\u0131\u011f\u0131na i\u015faret etmektedir. Y\u00fcce Allah \u015f\u00f6yle buyuruyor: \u201cNihayet insan, g\u00fc\u00e7l\u00fc \u00e7a\u011f\u0131na erip k\u0131rk ya\u015f\u0131na var\u0131nca der ki: Rabbim! Bana ve anne babama verdi\u011fin nimete \u015f\u00fckretmemi ve raz\u0131 olaca\u011f\u0131n yararl\u0131 i\u015f yapmam\u0131 temin et\u201d (Ahkaf: 15). \u015eimdi birlikte \u0130slam risalesinin hak oldu\u011fundan \u015f\u00fcphe edenlere \u015fu soruyu soral\u0131m: Acaba Peygamber (s.a.v.), k\u0131rk ya\u015f s\u0131n\u0131r\u0131n\u0131n insan akl\u0131 i\u00e7in bir d\u00f6n\u00fcm noktas\u0131 oldu\u011funu, k\u0131rk\u0131ndan sonra ise bu g\u00fc\u00e7 ve kemalin gerileme ve zay\u0131flama g\u00f6sterdi\u011fini nas\u0131l bilmi\u015ftir?<\/p>\n<p style=\"font-weight: 400\">&#8212;&#8212;&#8212;&#8212;&#8212;&#8212;&#8211;<\/p>\n<p style=\"font-weight: 400\">Abduldaem Al-Kaheel<\/p>\n","protected":false},"excerpt":{"rendered":"<p>\u0130ngiltere\u2019de yak\u0131n zamanda yap\u0131lan bir ara\u015ft\u0131rmada \u2026.<\/p>\n","protected":false},"author":1,"featured_media":20869,"comment_status":"open","ping_status":"open","sticky":false,"template":"","format":"standard","meta":[],"categories":[187],"tags":[],"acf":[],"_links":{"self":[{"href":"https:\/\/kaheel7.net\/index.php?rest_route=\/wp\/v2\/posts\/20866"}],"collection":[{"href":"https:\/\/kaheel7.net\/index.php?rest_route=\/wp\/v2\/posts"}],"about":[{"href":"https:\/\/kaheel7.net\/index.php?rest_route=\/wp\/v2\/types\/post"}],"author":[{"embeddable":true,"href":"https:\/\/kaheel7.net\/index.php?rest_route=\/wp\/v2\/users\/1"}],"replies":[{"embeddable":true,"href":"https:\/\/kaheel7.net\/index.php?rest_route=%2Fwp%2Fv2%2Fcomments&post=20866"}],"version-history":[{"count":1,"href":"https:\/\/kaheel7.net\/index.php?rest_route=\/wp\/v2\/posts\/20866\/revisions"}],"predecessor-version":[{"id":20870,"href":"https:\/\/kaheel7.net\/index.php?rest_route=\/wp\/v2\/posts\/20866\/revisions\/20870"}],"wp:featuredmedia":[{"embeddable":true,"href":"https:\/\/kaheel7.net\/index.php?rest_route=\/wp\/v2\/media\/20869"}],"wp:attachment":[{"href":"https:\/\/kaheel7.net\/index.php?rest_route=%2Fwp%2Fv2%2Fmedia&parent=20866"}],"wp:term":[{"taxonomy":"category","embeddable":true,"href":"https:\/\/kaheel7.net\/index.php?rest_route=%2Fwp%2Fv2%2Fcategories&post=20866"},{"taxonomy":"post_tag","embeddable":true,"href":"https:\/\/kaheel7.net\/index.php?rest_route=%2Fwp%2Fv2%2Ftags&post=20866"}],"curies":[{"name":"wp","href":"https:\/\/api.w.org\/{rel}","templated":true}]}}