{"id":21061,"date":"2020-03-29T00:10:40","date_gmt":"2020-03-28T21:10:40","guid":{"rendered":"https:\/\/kaheel7.net\/?p=21061"},"modified":"2020-03-29T00:10:40","modified_gmt":"2020-03-28T21:10:40","slug":"kadinin-erkege-ortak-olusu","status":"publish","type":"post","link":"https:\/\/kaheel7.net\/?p=21061&lang=tr","title":{"rendered":"Kad\u0131n\u0131n Erke\u011fe Ortak Olu\u015fu"},"content":{"rendered":"<table style=\"font-weight: 400\">\n<tbody>\n<tr>\n<td>Asr\u0131m\u0131z, b\u00fcy\u00fck \u00f6l\u00e7\u00fcde kad\u0131n\u0131n; siyasi ve iktisadi b\u00fct\u00fcn alanlarda erke\u011fe kat\u0131lma ve ortak olma\u00a0\u00a0\u2026.<\/td>\n<\/tr>\n<\/tbody>\n<\/table>\n<p><!--more--><\/p>\n<p>&nbsp;<\/p>\n<p><img loading=\"lazy\" class=\"aligncenter size-full wp-image-21062\" src=\"https:\/\/kaheel7.net\/wp-content\/uploads\/2020\/03\/64.jpg\" alt=\"\" width=\"377\" height=\"392\" srcset=\"https:\/\/kaheel7.net\/wp-content\/uploads\/2020\/03\/64.jpg 377w, https:\/\/kaheel7.net\/wp-content\/uploads\/2020\/03\/64-289x300.jpg 289w\" sizes=\"(max-width: 377px) 100vw, 377px\" \/><\/p>\n<p>&nbsp;<\/p>\n<p style=\"font-weight: 400\">Asr\u0131m\u0131z, b\u00fcy\u00fck \u00f6l\u00e7\u00fcde kad\u0131n\u0131n; siyasi ve iktisadi b\u00fct\u00fcn alanlarda erke\u011fe kat\u0131lma ve ortak olma \u00f6zelli\u011fi ile ayr\u0131lmaktad\u0131r. \u00d6yle ki, art\u0131k g\u00fcn\u00fcm\u00fcz kad\u0131n\u0131; tan\u0131t\u0131m, fabrika, e\u011fitim ve ticari kariyer gibi pek \u00e7ok alanlarda s\u00f6z sahibidir. Hatta g\u00fcn\u00fcm\u00fczde \u00e7al\u0131\u015fan kad\u0131nlar i\u00e7in, Peygamber (s.a.v.) zaman\u0131nda olmayan ve bilinmeyen, varl\u0131\u011f\u0131 dahi tasavvur edilmeyen bir tak\u0131m platformlar mevcuttur. Fakat peygamber (Aleyhi\u2019s-selam) son derece a\u00e7\u0131k bir ifade ile bu noktaya i\u015faret ederek \u015f\u00f6yle buyurmu\u015ftur: \u201cKad\u0131n kocas\u0131na ticarette ortak olmad\u0131k\u00e7a k\u0131yamet kopmaz\u201d (Hadisi Ahmet rivayet etmi\u015ftir.) Bu nebevi s\u00f6z kar\u015f\u0131s\u0131nda S\u00fcbhanallah! demekten ba\u015fka bir \u015fey diyemiyoruz.<\/p>\n<p style=\"font-weight: 400\">\n<p style=\"font-weight: 400\">\n<p style=\"font-weight: 400\">&#8212;&#8212;&#8212;&#8212;&#8212;&#8212;&#8211;<\/p>\n<p style=\"font-weight: 400\">Abduldaem Al-Kaheel<\/p>\n","protected":false},"excerpt":{"rendered":"<p>Asr\u0131m\u0131z, b\u00fcy\u00fck \u00f6l\u00e7\u00fcde kad\u0131n\u0131n; siyasi ve iktisadi b\u00fct\u00fcn alanlarda erke\u011fe kat\u0131lma ve ortak olma\u00a0\u00a0\u2026.<\/p>\n","protected":false},"author":1,"featured_media":21063,"comment_status":"open","ping_status":"open","sticky":false,"template":"","format":"standard","meta":[],"categories":[191],"tags":[],"acf":[],"_links":{"self":[{"href":"https:\/\/kaheel7.net\/index.php?rest_route=\/wp\/v2\/posts\/21061"}],"collection":[{"href":"https:\/\/kaheel7.net\/index.php?rest_route=\/wp\/v2\/posts"}],"about":[{"href":"https:\/\/kaheel7.net\/index.php?rest_route=\/wp\/v2\/types\/post"}],"author":[{"embeddable":true,"href":"https:\/\/kaheel7.net\/index.php?rest_route=\/wp\/v2\/users\/1"}],"replies":[{"embeddable":true,"href":"https:\/\/kaheel7.net\/index.php?rest_route=%2Fwp%2Fv2%2Fcomments&post=21061"}],"version-history":[{"count":1,"href":"https:\/\/kaheel7.net\/index.php?rest_route=\/wp\/v2\/posts\/21061\/revisions"}],"predecessor-version":[{"id":21064,"href":"https:\/\/kaheel7.net\/index.php?rest_route=\/wp\/v2\/posts\/21061\/revisions\/21064"}],"wp:featuredmedia":[{"embeddable":true,"href":"https:\/\/kaheel7.net\/index.php?rest_route=\/wp\/v2\/media\/21063"}],"wp:attachment":[{"href":"https:\/\/kaheel7.net\/index.php?rest_route=%2Fwp%2Fv2%2Fmedia&parent=21061"}],"wp:term":[{"taxonomy":"category","embeddable":true,"href":"https:\/\/kaheel7.net\/index.php?rest_route=%2Fwp%2Fv2%2Fcategories&post=21061"},{"taxonomy":"post_tag","embeddable":true,"href":"https:\/\/kaheel7.net\/index.php?rest_route=%2Fwp%2Fv2%2Ftags&post=21061"}],"curies":[{"name":"wp","href":"https:\/\/api.w.org\/{rel}","templated":true}]}}