{"id":21091,"date":"2020-03-29T00:26:47","date_gmt":"2020-03-28T21:26:47","guid":{"rendered":"https:\/\/kaheel7.net\/?p=21091"},"modified":"2020-03-29T00:26:47","modified_gmt":"2020-03-28T21:26:47","slug":"kurbaga-depremi-onceden-haber-verir","status":"publish","type":"post","link":"https:\/\/kaheel7.net\/?p=21091&lang=tr","title":{"rendered":"Kurba\u011fa Depremi \u00d6nceden Haber Verir"},"content":{"rendered":"<table style=\"font-weight: 400\">\n<tbody>\n<tr>\n<td>Bilim adamlar\u0131; k\u00fc\u00e7\u00fck kurba\u011falar\u0131n depremden yerlerinden uzak guvenilir bir yerde\u00a0\u00a0\u2026.<\/td>\n<\/tr>\n<\/tbody>\n<\/table>\n<p><!--more--><\/p>\n<p>&nbsp;<\/p>\n<p><img loading=\"lazy\" class=\"aligncenter size-full wp-image-21092\" src=\"https:\/\/kaheel7.net\/wp-content\/uploads\/2020\/03\/art18.jpg\" alt=\"\" width=\"410\" height=\"270\" srcset=\"https:\/\/kaheel7.net\/wp-content\/uploads\/2020\/03\/art18.jpg 410w, https:\/\/kaheel7.net\/wp-content\/uploads\/2020\/03\/art18-300x198.jpg 300w\" sizes=\"(max-width: 410px) 100vw, 410px\" \/><\/p>\n<p>&nbsp;<\/p>\n<p style=\"font-weight: 400\">Bilim adamlar\u0131; k\u00fc\u00e7\u00fck kurba\u011falar\u0131n depremden yerlerinden uzak guvenilir bir yerde topland\u0131klar\u0131n\u0131 s\u00f6ylerler. Ak\u0131l sahibi olmad\u0131klar\u0131n\u0131 sand\u0131\u011f\u0131m\u0131z bu kurba\u011falar\u0131, Y\u00fcce Allah depremle ilgili d\u00fc\u015f\u00fck d\u00fczeydeki frekanslar\u0131 hissetme yetene\u011fi ile donatm\u0131\u015ft\u0131r. \u0130nsanlar\u0131n hissetmesi m\u00fcmk\u00fcn olmayan bu frekanslar\u0131 kurba\u011falar hissederler. Y\u00fcce Allah\u2019\u0131n bu k\u00fc\u00e7\u00fck yarat\u0131klardaki kudretini d\u00fc\u015f\u00fcn\u00fcn, insanlar\u0131n onlardan \u00f6\u011frenmesi i\u00e7in Alllah bu yarat\u0131klar\u0131 da insan o\u011flunun emrine musahhar k\u0131lm\u0131\u015ft\u0131r. \u0130\u015fte burada Y\u00fcce Allah\u2019\u0131n \u015fu ayetindeki mucizesi a\u00e7\u0131k\u00e7a tecelli etmektedir: \u201cO, g\u00f6klerde ve yerde ne varsa hepsini, kendi kat\u0131ndan (bir l\u00fctfu olmak \u00fczere) size boyun e\u011fdirmi\u015ftir. Elbette bunda d\u00fc\u015f\u00fcnen bir toplum i\u00e7in ibretler vard\u0131r.\u201d (Casiye:13).<\/p>\n<p style=\"font-weight: 400\">\n<p style=\"font-weight: 400\">&#8212;&#8212;&#8212;&#8212;&#8212;&#8212;&#8211;<\/p>\n<p style=\"font-weight: 400\">Abduldaem Al-Kaheel<\/p>\n","protected":false},"excerpt":{"rendered":"<p>Bilim adamlar\u0131; k\u00fc\u00e7\u00fck kurba\u011falar\u0131n depremden yerlerinden uzak guvenilir bir yerde\u00a0\u00a0\u2026.<\/p>\n","protected":false},"author":1,"featured_media":21093,"comment_status":"open","ping_status":"open","sticky":false,"template":"","format":"standard","meta":[],"categories":[191],"tags":[],"acf":[],"_links":{"self":[{"href":"https:\/\/kaheel7.net\/index.php?rest_route=\/wp\/v2\/posts\/21091"}],"collection":[{"href":"https:\/\/kaheel7.net\/index.php?rest_route=\/wp\/v2\/posts"}],"about":[{"href":"https:\/\/kaheel7.net\/index.php?rest_route=\/wp\/v2\/types\/post"}],"author":[{"embeddable":true,"href":"https:\/\/kaheel7.net\/index.php?rest_route=\/wp\/v2\/users\/1"}],"replies":[{"embeddable":true,"href":"https:\/\/kaheel7.net\/index.php?rest_route=%2Fwp%2Fv2%2Fcomments&post=21091"}],"version-history":[{"count":1,"href":"https:\/\/kaheel7.net\/index.php?rest_route=\/wp\/v2\/posts\/21091\/revisions"}],"predecessor-version":[{"id":21094,"href":"https:\/\/kaheel7.net\/index.php?rest_route=\/wp\/v2\/posts\/21091\/revisions\/21094"}],"wp:featuredmedia":[{"embeddable":true,"href":"https:\/\/kaheel7.net\/index.php?rest_route=\/wp\/v2\/media\/21093"}],"wp:attachment":[{"href":"https:\/\/kaheel7.net\/index.php?rest_route=%2Fwp%2Fv2%2Fmedia&parent=21091"}],"wp:term":[{"taxonomy":"category","embeddable":true,"href":"https:\/\/kaheel7.net\/index.php?rest_route=%2Fwp%2Fv2%2Fcategories&post=21091"},{"taxonomy":"post_tag","embeddable":true,"href":"https:\/\/kaheel7.net\/index.php?rest_route=%2Fwp%2Fv2%2Ftags&post=21091"}],"curies":[{"name":"wp","href":"https:\/\/api.w.org\/{rel}","templated":true}]}}