{"id":21143,"date":"2020-03-29T14:09:37","date_gmt":"2020-03-29T11:09:37","guid":{"rendered":"https:\/\/kaheel7.net\/?p=21143"},"modified":"2020-03-29T14:09:37","modified_gmt":"2020-03-29T11:09:37","slug":"atesin-renkleri","status":"publish","type":"post","link":"https:\/\/kaheel7.net\/?p=21143&lang=tr","title":{"rendered":"Ate\u015fin Renkleri"},"content":{"rendered":"<table style=\"font-weight: 400\">\n<tbody>\n<tr>\n<td>Bilim adamlar\u0131; ate\u015f renginin ate\u015fin s\u0131cakl\u0131\u011f\u0131 ile olan ili\u015fkisini incelediklerinde\u00a0\u00a0\u2026.<\/td>\n<\/tr>\n<\/tbody>\n<\/table>\n<p><!--more--><\/p>\n<p>&nbsp;<\/p>\n<p><img loading=\"lazy\" class=\"aligncenter size-full wp-image-21144\" src=\"https:\/\/kaheel7.net\/wp-content\/uploads\/2020\/03\/512.jpg\" alt=\"\" width=\"506\" height=\"284\" srcset=\"https:\/\/kaheel7.net\/wp-content\/uploads\/2020\/03\/512.jpg 506w, https:\/\/kaheel7.net\/wp-content\/uploads\/2020\/03\/512-300x168.jpg 300w\" sizes=\"(max-width: 506px) 100vw, 506px\" \/><\/p>\n<p style=\"font-weight: 400\">\n<p style=\"font-weight: 400\">Bilim adamlar\u0131; ate\u015f renginin ate\u015fin s\u0131cakl\u0131\u011f\u0131 ile olan ili\u015fkisini incelediklerinde, onun renginin once k\u0131rm\u0131z\u0131, daha sonra s\u0131cakl\u0131\u011f\u0131 art\u0131r\u0131ld\u0131\u011f\u0131nda\u00a0\u00a0beyaz renge d\u00f6n\u00fc\u015ft\u00fc\u011f\u00fcn\u00fc, s\u0131cakl\u0131\u011f\u0131 daha fazla y\u00fckseltildi\u011finde ise siyah bir ate\u015fe d\u00f6n\u00fc\u015ft\u00fc\u011f\u00fcn\u00fc g\u00f6rd\u00fcler. Bilim adamlar\u0131 bu duruma siyah cismin \u015fualar\u0131 ad\u0131n\u0131 vermi\u015flerdir. \u0130lgin\u00e7 olan \u015fu ki, Peygamber a.s by duruma, yani ate\u015fin renginin de\u011fi\u015fmesine i\u015faret ederek \u015f\u00f6yle buyurmu\u015ftur: \u201cAte\u015f bin y\u0131l yak\u0131ld\u0131ktan sonra k\u0131zard\u0131, sonra bin y\u0131l daha yak\u0131ld\u0131 taki rengi beyazla\u015ft\u0131, sonra bin y\u0131l daha yak\u0131ld\u0131 ve rengi siyaha b\u00fcr\u00fcnd\u00fc. O halde ate\u015f siyah ve karanl\u0131kt\u0131r. Hadisi Tirmizi rivayet etmi\u015ftir. Allah resulu s.a.v. do\u011fru buyurmu\u015ftur.<\/p>\n<p style=\"font-weight: 400\">&#8212;&#8212;&#8212;&#8212;&#8212;&#8212;&#8211;<\/p>\n<p style=\"font-weight: 400\">Abduldaem Al-Kaheel<\/p>\n","protected":false},"excerpt":{"rendered":"<p>Bilim adamlar\u0131; ate\u015f renginin ate\u015fin s\u0131cakl\u0131\u011f\u0131 ile olan ili\u015fkisini incelediklerinde\u00a0\u00a0\u2026.<\/p>\n","protected":false},"author":1,"featured_media":21145,"comment_status":"open","ping_status":"open","sticky":false,"template":"","format":"standard","meta":[],"categories":[191],"tags":[],"acf":[],"_links":{"self":[{"href":"https:\/\/kaheel7.net\/index.php?rest_route=\/wp\/v2\/posts\/21143"}],"collection":[{"href":"https:\/\/kaheel7.net\/index.php?rest_route=\/wp\/v2\/posts"}],"about":[{"href":"https:\/\/kaheel7.net\/index.php?rest_route=\/wp\/v2\/types\/post"}],"author":[{"embeddable":true,"href":"https:\/\/kaheel7.net\/index.php?rest_route=\/wp\/v2\/users\/1"}],"replies":[{"embeddable":true,"href":"https:\/\/kaheel7.net\/index.php?rest_route=%2Fwp%2Fv2%2Fcomments&post=21143"}],"version-history":[{"count":1,"href":"https:\/\/kaheel7.net\/index.php?rest_route=\/wp\/v2\/posts\/21143\/revisions"}],"predecessor-version":[{"id":21146,"href":"https:\/\/kaheel7.net\/index.php?rest_route=\/wp\/v2\/posts\/21143\/revisions\/21146"}],"wp:featuredmedia":[{"embeddable":true,"href":"https:\/\/kaheel7.net\/index.php?rest_route=\/wp\/v2\/media\/21145"}],"wp:attachment":[{"href":"https:\/\/kaheel7.net\/index.php?rest_route=%2Fwp%2Fv2%2Fmedia&parent=21143"}],"wp:term":[{"taxonomy":"category","embeddable":true,"href":"https:\/\/kaheel7.net\/index.php?rest_route=%2Fwp%2Fv2%2Fcategories&post=21143"},{"taxonomy":"post_tag","embeddable":true,"href":"https:\/\/kaheel7.net\/index.php?rest_route=%2Fwp%2Fv2%2Ftags&post=21143"}],"curies":[{"name":"wp","href":"https:\/\/api.w.org\/{rel}","templated":true}]}}