{"id":21147,"date":"2020-03-29T14:10:46","date_gmt":"2020-03-29T11:10:46","guid":{"rendered":"https:\/\/kaheel7.net\/?p=21147"},"modified":"2020-03-29T14:10:46","modified_gmt":"2020-03-29T11:10:46","slug":"uc-karanlik","status":"publish","type":"post","link":"https:\/\/kaheel7.net\/?p=21147&lang=tr","title":{"rendered":"\u00dc\u00e7 Karanl\u0131k"},"content":{"rendered":"<table style=\"font-weight: 400\">\n<tbody>\n<tr>\n<td>Bilimsel olaraka ispatland\u0131\u011f\u0131nna g\u00f6re; anne karn\u0131ndaki \u00e7ocu\u011fun olu\u015fum ve geli\u015fimi\u00a0\u00a0\u2026.<\/td>\n<\/tr>\n<\/tbody>\n<\/table>\n<p><!--more--><\/p>\n<p>&nbsp;<\/p>\n<p style=\"font-weight: 400\">Bilimsel olaraka ispatland\u0131\u011f\u0131nna g\u00f6re; anne karn\u0131ndaki \u00e7ocu\u011fun olu\u015fum ve geli\u015fimi \u00fc\u00e7 karanl\u0131k a\u015famadan ge\u00e7mektedir. Birinci a\u015fama: Kar\u0131n duvar\u0131n\u0131n karanl\u0131\u011f\u0131. \u0130kinci a\u015fama: Rahim duvar\u0131n\u0131n karanl\u0131\u011f\u0131. \u00dc\u00e7\u00fcnc\u00fc a\u015fama ise: Cenini \u00e7evreleyen karanl\u0131k a\u015famas\u0131d\u0131r.<\/p>\n<p style=\"font-weight: 400\">\n<p style=\"font-weight: 400\">Y\u00fcce Allah \u015f\u00f6yle buyuruyor: \u201cSizi annelerinizin kar\u0131nlar\u0131nda \u00fc\u00e7 t\u00fcrl\u00fc karanl\u0131k i\u00e7inde yarat\u0131l\u0131\u015ftan yarat\u0131l\u0131\u015fa ge\u00e7erek yaratm\u0131\u015ft\u0131r. \u0130\u015fte bu yarat\u0131c\u0131, Rabbiniz olan Allah\u2019t\u0131r. M\u00fclk O\u2019nundur. Ondan ba\u015fka ilah yoktur. \u00d6yleyken nas\u0131l oluyor da O\u2019na kulluktan \u00e7evriliyorsunuz?\u201d (Z\u00fcmer: 6). Kuran\u2019daki bu ayetin mucize olu\u015fu ise \u015f\u00f6yledir: Kuran; Anne karn\u0131nda meydana gelen ceninin yarat\u0131l\u0131\u015f i\u015fleminin \u00fc\u00e7 karanl\u0131k s\u00fcre\u00e7ten ge\u00e7ti\u011fine i\u015faret etmektedir. Bu hadise Kur\u2019an\u2019\u0131n ini\u015fi s\u0131ras\u0131nda hi\u00e7 kimse taraf\u0131ndan bilinmiyordu. Bu hadise \u015f\u00fcphesiz ki k\u00fctsal kitap Kur\u2019an-\u0131 Kerim\u2019in mucize oldu\u011funa \u015fahitlik etmektedir.<\/p>\n<p style=\"font-weight: 400\">\n<p style=\"font-weight: 400\">&#8212;&#8212;&#8212;&#8212;&#8212;&#8212;&#8211;<\/p>\n<p style=\"font-weight: 400\">Abduldaem Al-Kaheel<\/p>\n","protected":false},"excerpt":{"rendered":"<p>Bilimsel olaraka ispatland\u0131\u011f\u0131nna g\u00f6re; anne karn\u0131ndaki \u00e7ocu\u011fun olu\u015fum ve geli\u015fimi\u00a0\u00a0\u2026.<\/p>\n","protected":false},"author":1,"featured_media":21148,"comment_status":"open","ping_status":"open","sticky":false,"template":"","format":"standard","meta":[],"categories":[191],"tags":[],"acf":[],"_links":{"self":[{"href":"https:\/\/kaheel7.net\/index.php?rest_route=\/wp\/v2\/posts\/21147"}],"collection":[{"href":"https:\/\/kaheel7.net\/index.php?rest_route=\/wp\/v2\/posts"}],"about":[{"href":"https:\/\/kaheel7.net\/index.php?rest_route=\/wp\/v2\/types\/post"}],"author":[{"embeddable":true,"href":"https:\/\/kaheel7.net\/index.php?rest_route=\/wp\/v2\/users\/1"}],"replies":[{"embeddable":true,"href":"https:\/\/kaheel7.net\/index.php?rest_route=%2Fwp%2Fv2%2Fcomments&post=21147"}],"version-history":[{"count":1,"href":"https:\/\/kaheel7.net\/index.php?rest_route=\/wp\/v2\/posts\/21147\/revisions"}],"predecessor-version":[{"id":21149,"href":"https:\/\/kaheel7.net\/index.php?rest_route=\/wp\/v2\/posts\/21147\/revisions\/21149"}],"wp:featuredmedia":[{"embeddable":true,"href":"https:\/\/kaheel7.net\/index.php?rest_route=\/wp\/v2\/media\/21148"}],"wp:attachment":[{"href":"https:\/\/kaheel7.net\/index.php?rest_route=%2Fwp%2Fv2%2Fmedia&parent=21147"}],"wp:term":[{"taxonomy":"category","embeddable":true,"href":"https:\/\/kaheel7.net\/index.php?rest_route=%2Fwp%2Fv2%2Fcategories&post=21147"},{"taxonomy":"post_tag","embeddable":true,"href":"https:\/\/kaheel7.net\/index.php?rest_route=%2Fwp%2Fv2%2Ftags&post=21147"}],"curies":[{"name":"wp","href":"https:\/\/api.w.org\/{rel}","templated":true}]}}