{"id":21420,"date":"2020-03-29T23:30:13","date_gmt":"2020-03-29T20:30:13","guid":{"rendered":"https:\/\/kaheel7.net\/?p=21420"},"modified":"2020-03-29T23:30:13","modified_gmt":"2020-03-29T20:30:13","slug":"isik-ve-parlaklik","status":"publish","type":"post","link":"https:\/\/kaheel7.net\/?p=21420&lang=tr","title":{"rendered":"I\u015f\u0131k ve parlakl\u0131k"},"content":{"rendered":"<table style=\"font-weight: 400\">\n<tbody>\n<tr>\n<td>G\u00fcn\u00fcm\u00fczde bilim adamlar\u0131 ay\u0131n, alevlenen s\u0131cak bir\u00a0\u2026.<\/td>\n<\/tr>\n<\/tbody>\n<\/table>\n<p><!--more--><\/p>\n<p>&nbsp;<\/p>\n<p><img loading=\"lazy\" class=\"aligncenter size-full wp-image-21421\" src=\"https:\/\/kaheel7.net\/wp-content\/uploads\/2020\/03\/\u062a\u0646\u0632\u064a\u0644-4.jpg\" alt=\"\" width=\"502\" height=\"490\" srcset=\"https:\/\/kaheel7.net\/wp-content\/uploads\/2020\/03\/\u062a\u0646\u0632\u064a\u0644-4.jpg 502w, https:\/\/kaheel7.net\/wp-content\/uploads\/2020\/03\/\u062a\u0646\u0632\u064a\u0644-4-300x293.jpg 300w\" sizes=\"(max-width: 502px) 100vw, 502px\" \/><\/p>\n<p>&nbsp;<\/p>\n<p style=\"font-weight: 400\">G\u00fcn\u00fcm\u00fczde bilim adamlar\u0131 ay\u0131n, alevlenen s\u0131cak bir cisimden ibaret olan g\u00fcne\u015fin aksine, onun so\u011fuk bir cisim oldu\u011funu tesbit etmi\u015flerdir. Bu sebeple Kuran aydan bahsederken hassas bir kelime kullanm\u0131\u015f ve onun \u201cnur\u201d yani\u00a0\u00a0parlak bir cisim oldu\u011funu s\u00f6ylemi\u015ftir. G\u00fcne\u015fe geline; Y\u00fcce Allah onu \u201c\u0131\u015f\u0131k\u201d olarak vasfetmi\u015ftir. \u201cNur\u201d yani parlakl\u0131k ise; s\u0131cakl\u0131\u011f\u0131 olmayan bir \u0131\u015f\u0131k olup ay\u0131n y\u00fczeyinden parlar. Ayd\u0131nl\u0131\u011fa gelince o, g\u00fcne\u015ften gelen ve s\u0131cakl\u0131\u011f\u0131 olan bir \u0131\u015f\u0131kt\u0131r. Y\u00fcce Allah \u015f\u00f6yle buyurur:\u00a0\u201cG\u00fcne\u015fi \u0131\u015f\u0131kl\u0131, ay\u0131 da parlak k\u0131lan O\u2019dur\u201d\u00a0(Y\u00fcn\u00fcs: 5). Kuran\u2019\u0131n n\u00fczulu s\u0131ras\u0131nda ay\u0131n so\u011fuk bir cisim oldu\u011funu kim biliyordu? \u0130\u015fte bu mucize, y\u00fcce Allah\u2019n kelam\u0131n\u0131n do\u011fru oldu\u011funa \u015fahitlik etmektedir.<\/p>\n<p style=\"font-weight: 400\">&#8212;&#8212;&#8212;&#8212;&#8212;&#8212;&#8211;<\/p>\n<p style=\"font-weight: 400\">Abduldaem Al-Kaheel<\/p>\n","protected":false},"excerpt":{"rendered":"<p>G\u00fcn\u00fcm\u00fczde bilim adamlar\u0131 ay\u0131n, alevlenen s\u0131cak bir\u00a0\u2026.<\/p>\n","protected":false},"author":1,"featured_media":21422,"comment_status":"open","ping_status":"open","sticky":false,"template":"","format":"standard","meta":[],"categories":[195],"tags":[],"acf":[],"_links":{"self":[{"href":"https:\/\/kaheel7.net\/index.php?rest_route=\/wp\/v2\/posts\/21420"}],"collection":[{"href":"https:\/\/kaheel7.net\/index.php?rest_route=\/wp\/v2\/posts"}],"about":[{"href":"https:\/\/kaheel7.net\/index.php?rest_route=\/wp\/v2\/types\/post"}],"author":[{"embeddable":true,"href":"https:\/\/kaheel7.net\/index.php?rest_route=\/wp\/v2\/users\/1"}],"replies":[{"embeddable":true,"href":"https:\/\/kaheel7.net\/index.php?rest_route=%2Fwp%2Fv2%2Fcomments&post=21420"}],"version-history":[{"count":1,"href":"https:\/\/kaheel7.net\/index.php?rest_route=\/wp\/v2\/posts\/21420\/revisions"}],"predecessor-version":[{"id":21423,"href":"https:\/\/kaheel7.net\/index.php?rest_route=\/wp\/v2\/posts\/21420\/revisions\/21423"}],"wp:featuredmedia":[{"embeddable":true,"href":"https:\/\/kaheel7.net\/index.php?rest_route=\/wp\/v2\/media\/21422"}],"wp:attachment":[{"href":"https:\/\/kaheel7.net\/index.php?rest_route=%2Fwp%2Fv2%2Fmedia&parent=21420"}],"wp:term":[{"taxonomy":"category","embeddable":true,"href":"https:\/\/kaheel7.net\/index.php?rest_route=%2Fwp%2Fv2%2Fcategories&post=21420"},{"taxonomy":"post_tag","embeddable":true,"href":"https:\/\/kaheel7.net\/index.php?rest_route=%2Fwp%2Fv2%2Ftags&post=21420"}],"curies":[{"name":"wp","href":"https:\/\/api.w.org\/{rel}","templated":true}]}}